{"id":3972,"date":"2023-07-08T14:39:29","date_gmt":"2023-07-08T14:39:29","guid":{"rendered":"https:\/\/arsenie.viatadeapoi.ro\/?p=3972"},"modified":"2023-07-13T14:09:14","modified_gmt":"2023-07-13T14:09:14","slug":"interviu-vice","status":"publish","type":"post","link":"https:\/\/arsenie.viatadeapoi.ro\/?p=3972","title":{"rendered":"Interviu VICE"},"content":{"rendered":"\n<h2 class=\"wp-block-heading\">N-o s\u0103 afli cine a fost cu adev\u0103rat Arsenie Boca din noul documentar al lui Alexandru Solomon, dar cu siguran\u021b\u0103 o s\u0103 \u00een\u021belegi mai multe despre societatea \u00een care tr\u0103ie\u0219ti.<\/h2>\n\n\n\n<p>14.06.2023, Andreea G\u0103zdaru<\/p>\n\n\n\n<p><strong>VICE: De unde nevoia ta de a explora fascina\u021bia rom\u00e2nilor pentru Arsenie Boca?<\/strong><br><strong>Alexandru Solomon:&nbsp;<\/strong>Un motiv ar fi c\u0103 biserica influen\u021beaz\u0103 foarte mult societatea noastr\u0103. O rela\u021bie nes\u0103n\u0103toas\u0103 care nu e deloc nou\u0103, dar care acum s-a \u00eent\u0103rit \u0219i constituie, dup\u0103 p\u0103rerea mea, un derapaj spre valorile care \u021bin de ira\u021bional. Mi se pare periculoas\u0103 combina\u021bia dintre o nevoie personal\u0103 legitim\u0103 \u0219i folosirea ei \u00een scopuri politice.<\/p>\n\n\n\n<p>Cred c\u0103 trebuie s\u0103 reflect\u0103m mai mult la fenomenul \u0103sta \u0219i s\u0103 ne d\u0103m seama c\u0103 \u00een Rom\u00e2nia de acum au loc dezbateri asem\u0103n\u0103toare cu cele din anii \u201830. Ce a urmat atunci nu a fost deloc okay \u0219i probabil vom vedea urm\u0103rile acestei \u00eenclina\u021bii c\u0103tre credin\u021b\u0103 \u0219i na\u021bionalism la alegerile de anul viitor.&nbsp;<\/p>\n\n\n\n<p>Credin\u021ba \u00een sine nu e o problem\u0103. Ce e \u00eengrijor\u0103tor e c\u0103 oamenii o transform\u0103 \u00een norme social-politice care ne condi\u021bioneaz\u0103 pe to\u021bi. M\u0103 refer, de exemplu, la modul \u00een care se face educa\u021bie religioas\u0103 \u00een \u0219coli sau la medicii care refuz\u0103 s\u0103 fac\u0103 avort.<\/p>\n\n\n\n<p><strong>\u00cen documentar mergi cu un grup de oameni \u00eentr-un pelerinaj pe urmele lui Arsenie. Cum ai ales persoanele cu care ai lucrat?<br><\/strong>\u00cenainte s\u0103 lucrez cu ei, am mers trei ani \u00een pelerinaje obi\u0219nuite cu diverse grupuri. Ini\u021bial a\u0219a voiam s\u0103 fac filmul: s\u0103 m\u0103 sui \u00eentr-un autocar cu oameni care merg \u00een c\u0103utarea lui Arsenie Boca. Am filmat toate aceste pelerinaje, doar c\u0103 ele durau doar dou\u0103-trei zile, iar timpul \u0103sta nu suficient pentru a forma o conexiune. Oamenii se schimbau de la un pelerinaj la altul, nu am reu\u0219it s\u0103 aprofundez rela\u021biile.&nbsp;<\/p>\n\n\n\n<p>A\u0219a m-am hot\u0103r\u00e2t s\u0103 recurg la solu\u021bia asta, s\u0103 fac propriul pelerinaj. Am apelat la o agen\u021bie de casting \u0219i le-am spus c\u0103 sunt \u00een c\u0103utare de persoane care fac figura\u021bie \u00een filme sau apar \u00een emisiuni TV \u0219i care merg \u00een pelerinaje sau \u0219tiu lucruri despre Arsenie Boca, eventual fani ai acestuia. Am avut trei sesiuni de \u00eent\u00e2lniri, dup\u0103 care am ales 20 de persoane de v\u00e2rste \u0219i personalit\u0103\u021bi diferite.&nbsp;<\/p>\n\n\n\n<p>Pe parcursul film\u0103rilor m-am apropiat de persoanele cu care am lucrat \u0219i cu mul\u021bi dintre ei am r\u0103mas prieten dup\u0103 finalizarea proiectului. Lucrul care m\u0103 bucur\u0103 cel mai mult este c\u0103 le-a pl\u0103cut filmul \u0219i s-au reg\u0103sit \u00een el.<\/p>\n\n\n\n<p><strong>Am apreciat c\u0103 nu le-ai ironizat manifestarea credin\u021bei.<br><\/strong>Da, cred c\u0103 \u0103sta era un pericol destul de mare, un fel de superficialitate de a aborda subiectul, \u0219i am \u00eencercat s\u0103 evit asta cu orice pre\u021b. Nu \u0103sta era scopul, pe mine m-a interesat s\u0103 \u00een\u021beleg care sunt mecanismele fascina\u021biei pentru Arsenie Boca, dar \u0219i a acestei nevoi de credin\u021b\u0103.<\/p>\n\n\n\n<p><strong>Ai f\u0103cut \u0219i c\u00e2teva interviuri personale cu unii dintre cei cu care ai lucrat, pe care le nume\u0219ti confesionale. Ce ai aflat despre felul \u00een care au apelat ei la credin\u021b\u0103?<br><\/strong>A fost interesant s\u0103 descop\u0103r c\u0103, de\u0219i sunt diferen\u021be mari de v\u00e2rst\u0103 \u00eentre ei, credin\u021ba lor e legat\u0103 de ni\u0219te suferin\u021be personale mai mici sau mai mari.<\/p>\n\n\n\n<p><strong>Tu te declari ateu. Cum ai fost primit \u00een grupul pe care l-ai format?<br><\/strong>Am \u00eencercat s\u0103-mi ar\u0103t clar pozi\u021bia de la bun \u00eenceput. Dac\u0103 vii cu sinceritate spre ei \u0219i nu ai nimic de ascuns, oamenii te accept\u0103 a\u0219a cum e\u0219ti. \u00ce\u0219i p\u0103streaz\u0103 totu\u0219i speran\u021ba c\u0103 \u0219i tu, la un moment dat, \u00eel vei g\u0103si pe Dumnezeu. \u00cens\u0103 pentru mine e cam t\u00e2rziu, \u00eemi lipse\u0219te acest organ.<\/p>\n\n\n\n<p><strong>Arsenie Boca e o figur\u0103 dandy, un fel de hipster din zilele noastre. Cum crezi c\u0103 a ajuns o figur\u0103 reprezentativ\u0103 pentru biseric\u0103 s\u0103 aib\u0103 un succes at\u00e2t de mare?<br><\/strong>Asta am \u00eencercat s\u0103 aduc \u00een discu\u021bie \u00een film. Arsenie era un personaj \u00eenaintea timpului lui. \u00cen lucrul cu oamenii, a f\u0103cut acest mix \u00eentre abord\u0103ri orientale, antropozofie \u0219i un new age-ism de anii \u201840 \u2013 \u201850. Acest cocktail fermec\u0103tor de informa\u021bii are \u0219i azi un impact foarte mare pentru o bun\u0103 parte din oameni, \u00een redescoperirea lor personal\u0103 \u0219i \u00een grija pentru s\u0103n\u0103tate.<\/p>\n\n\n\n<p>\u00cen comunit\u0103\u021bile \u00een care lucra, Arsenie Boca avea o mare preocupare pentru s\u0103n\u0103tate. Vorbea despre s\u0103n\u0103tatea sexual\u0103 cu femeile din mediile rurale, unde igiena \u0219i controlul s\u0103n\u0103t\u0103\u021bii era rudimentar. Lucrul \u0103sta e aur pentru vindecarea fricilor de baz\u0103 cu care se confrunt\u0103 oamenii acum, frica de boal\u0103 \u0219i de moarte. Este actual\u0103 \u0219i reflec\u021bia lui asupra lumii contemporane, care \u00ee\u0219i pierde sufletul \u00een fa\u021ba tehnologiei, pe care o reg\u0103sim \u00een frescele pe care le-a pictat la Biserica Dr\u0103g\u0103nescu. Sunt ni\u0219te re\u021bete pe care el le-a intuit acum 60 de ani \u0219i care sunt foarte valide pentru stilul de via\u021b\u0103 al omului contemporan.&nbsp;<\/p>\n\n\n\n<p>Putem vorbi aici \u0219i de intui\u021bia pe care a avut-o \u00een crearea propriei imagini. Exist\u0103 un set de fotografii din anii \u201840 de la S\u00e2mb\u0103ta \u00een care el pozeaz\u0103 \u00een fa\u021ba unor instala\u021bii peisagistice de care s-a folosit \u00een mod cert ca s\u0103 \u00ee\u0219i v\u00e2nd\u0103 imaginea.<\/p>\n\n\n\n<p><strong>Crezi c\u0103 persoanele cu care ai lucrat \u00een film sunt con\u0219tiente de felul \u00een care Arsenie \u0219i-a creat imaginea?<br><\/strong>\u00cen film, am \u00eencercat s\u0103 pun subiectul \u0103sta pe mas\u0103, \u00eens\u0103 personalit\u0103\u021bile care au ecou \u00een secolul XI \u00ee\u0219i creeaz\u0103 imaginea \u00eentr-un mod narcisist. E un lucru acceptat \u0219i chiar \u00eencurajat acum.&nbsp;<\/p>\n\n\n\n<p><strong>Lucrezi acum la un scurtmetraj care-l are ca subiect tot pe Arsenie Boca. Ce po\u021bi s\u0103-mi spui despre asta?<br><\/strong>E despre un episod real din via\u021ba lui Arsenie Boca dup\u0103 ce a fost exclus din m\u00e2n\u0103stire \u0219i era urm\u0103rit \u2013 o excursie la munte care a fost documentat\u0103 de Securitate. \u00cen film, un personaj care face film documentar, ca mine, merge s\u0103 se \u00eent\u00e2lneasc\u0103 cu un fost ofi\u021ber pe care \u00eel b\u0103nuie\u0219te c\u0103 ar fi cel care l-a urm\u0103rit pe Arsenie Boca \u00een acea excursie. Regizorul \u00eel filmeaz\u0103 pe ascuns, a\u0219a cum ofi\u021berul l-a urm\u0103rit din umbr\u0103 pe Arsenie cu 60 de ani \u00een urm\u0103.&nbsp;<\/p>\n\n\n\n<p><strong>Ce discu\u021bii ai vrea s\u0103 deschid\u0103 filmul t\u0103u?<br><\/strong>Faptul c\u0103 Arsenie Boca e un simbol rom\u00e2nesc care reflect\u0103 ni\u0219te perturb\u0103ri la nivel global. Cred c\u0103 iluminismul e pe cale s\u0103 se \u00eencheie acum \u2013 cam at\u00e2t am avut de-a face cu \u00een\u021belegerea ra\u021bional\u0103 a lumii. \u0218tiin\u021ba \u0219i-a pierdut mult din notorietate, iar pandemia a accelerat asta. A\u0219 vrea ca lumea s\u0103 se \u00eentrebe \u201ede ce credin\u021ba mea e instrumentalizat\u0103 politic?\u201d<\/p>\n\n\n\n<p>Arsenie. Via\u021ba de apoi<em>&nbsp;va intra \u00een cinematografe din 1 septembrie.&nbsp;<\/em><\/p>\n","protected":false},"excerpt":{"rendered":"<p>N-o s\u0103 afli cine a fost cu adev\u0103rat Arsenie Boca din noul documentar al lui Alexandru Solomon, dar cu siguran\u021b\u0103 o s\u0103 \u00een\u021belegi mai multe&#8230;<\/p>\n","protected":false},"author":1,"featured_media":3974,"comment_status":"open","ping_status":"open","sticky":false,"template":"","format":"standard","meta":{"footnotes":""},"categories":[324,319],"tags":[],"class_list":["post-3972","post","type-post","status-publish","format-standard","has-post-thumbnail","hentry","category-interviuri","category-presa"],"_links":{"self":[{"href":"https:\/\/arsenie.viatadeapoi.ro\/index.php?rest_route=\/wp\/v2\/posts\/3972","targetHints":{"allow":["GET"]}}],"collection":[{"href":"https:\/\/arsenie.viatadeapoi.ro\/index.php?rest_route=\/wp\/v2\/posts"}],"about":[{"href":"https:\/\/arsenie.viatadeapoi.ro\/index.php?rest_route=\/wp\/v2\/types\/post"}],"author":[{"embeddable":true,"href":"https:\/\/arsenie.viatadeapoi.ro\/index.php?rest_route=\/wp\/v2\/users\/1"}],"replies":[{"embeddable":true,"href":"https:\/\/arsenie.viatadeapoi.ro\/index.php?rest_route=%2Fwp%2Fv2%2Fcomments&post=3972"}],"version-history":[{"count":2,"href":"https:\/\/arsenie.viatadeapoi.ro\/index.php?rest_route=\/wp\/v2\/posts\/3972\/revisions"}],"predecessor-version":[{"id":3987,"href":"https:\/\/arsenie.viatadeapoi.ro\/index.php?rest_route=\/wp\/v2\/posts\/3972\/revisions\/3987"}],"wp:featuredmedia":[{"embeddable":true,"href":"https:\/\/arsenie.viatadeapoi.ro\/index.php?rest_route=\/wp\/v2\/media\/3974"}],"wp:attachment":[{"href":"https:\/\/arsenie.viatadeapoi.ro\/index.php?rest_route=%2Fwp%2Fv2%2Fmedia&parent=3972"}],"wp:term":[{"taxonomy":"category","embeddable":true,"href":"https:\/\/arsenie.viatadeapoi.ro\/index.php?rest_route=%2Fwp%2Fv2%2Fcategories&post=3972"},{"taxonomy":"post_tag","embeddable":true,"href":"https:\/\/arsenie.viatadeapoi.ro\/index.php?rest_route=%2Fwp%2Fv2%2Ftags&post=3972"}],"curies":[{"name":"wp","href":"https:\/\/api.w.org\/{rel}","templated":true}]}}